{"id":26619,"date":"2020-08-24T10:46:24","date_gmt":"2020-08-24T07:46:24","guid":{"rendered":"https:\/\/www.raahenvihreat.fi\/?p=26619"},"modified":"2021-02-06T10:52:02","modified_gmt":"2021-02-06T08:52:02","slug":"valtuustoaloite-24-8-2020-perustetaan-kaupunkiniittyja","status":"publish","type":"post","link":"https:\/\/raahenvihreat.fi\/?p=26619","title":{"rendered":"Valtuustoaloite 24.8.2020 \/ Perustetaan kaupunkiniittyj\u00e4 \/ Maarit Lampela ja Seppo Sorvari"},"content":{"rendered":"<p>T\u00e4n\u00e4 kes\u00e4n\u00e4 kuntalaiset ovat tehneet ilahduttavan m\u00e4\u00e4r\u00e4n p\u00f6rri\u00e4ishotelleja ja tuoneet niit\u00e4 my\u00f6s<br \/>\nkaupungin puistoalueille.<\/p>\n<p>Vihre\u00e4t esitt\u00e4\u00e4, ett\u00e4 ensi kes\u00e4st\u00e4 alkaen Raahen kaupungin alueella j\u00e4tett\u00e4isiin muutamia rajattuja<br \/>\nnurmialueita leikkaamatta, ja annettaisiin niiden kasvaa ns. kaupunkiniityiksi. N\u00e4in kaupunki vastaisi<br \/>\nosaltaan kuntalaisten huoleen p\u00f6lytt\u00e4jien m\u00e4\u00e4r\u00e4n v\u00e4hentymiseen.<\/p>\n<p>Kaupunkiniityt on syyt\u00e4 merkit\u00e4 kyltein, jotta ne saavat olla rauhassa, ja toisaalta v\u00e4ltytt\u00e4isiin turhilta<br \/>\npalautteilta, joissa ihmetell\u00e4\u00e4n alueen \u201dhoitamattomuutta\u201d. Samalla my\u00f6s ihmisten tietoisuus asiasta<br \/>\nlis\u00e4\u00e4ntyisi.<\/p>\n","protected":false},"excerpt":{"rendered":"<p>T\u00e4n\u00e4 kes\u00e4n\u00e4 kuntalaiset ovat tehneet ilahduttavan m\u00e4\u00e4r\u00e4n p\u00f6rri\u00e4ishotelleja ja tuoneet niit\u00e4 my\u00f6s kaupungin puistoalueille. Vihre\u00e4t esitt\u00e4\u00e4, ett\u00e4 ensi kes\u00e4st\u00e4 alkaen Raahen kaupungin alueella j\u00e4tett\u00e4isiin muutamia rajattuja nurmialueita leikkaamatta, ja annettaisiin niiden kasvaa ns. kaupunkiniityiksi. N\u00e4in kaupunki vastaisi osaltaan kuntalaisten huoleen p\u00f6lytt\u00e4jien m\u00e4\u00e4r\u00e4n v\u00e4hentymiseen. Kaupunkiniityt on syyt\u00e4 merkit\u00e4 kyltein, jotta ne saavat olla rauhassa, ja toisaalta [&hellip;]<\/p>\n","protected":false},"author":691,"featured_media":0,"comment_status":"open","ping_status":"open","sticky":false,"template":"","format":"standard","meta":{"_et_pb_use_builder":"","_et_pb_old_content":"","_et_gb_content_width":"","footnotes":""},"categories":[45],"tags":[],"class_list":["post-26619","post","type-post","status-publish","format-standard","hentry","category-valtuustoaloitteet"],"_links":{"self":[{"href":"https:\/\/raahenvihreat.fi\/index.php?rest_route=\/wp\/v2\/posts\/26619","targetHints":{"allow":["GET"]}}],"collection":[{"href":"https:\/\/raahenvihreat.fi\/index.php?rest_route=\/wp\/v2\/posts"}],"about":[{"href":"https:\/\/raahenvihreat.fi\/index.php?rest_route=\/wp\/v2\/types\/post"}],"author":[{"embeddable":true,"href":"https:\/\/raahenvihreat.fi\/index.php?rest_route=\/wp\/v2\/users\/691"}],"replies":[{"embeddable":true,"href":"https:\/\/raahenvihreat.fi\/index.php?rest_route=%2Fwp%2Fv2%2Fcomments&post=26619"}],"version-history":[{"count":2,"href":"https:\/\/raahenvihreat.fi\/index.php?rest_route=\/wp\/v2\/posts\/26619\/revisions"}],"predecessor-version":[{"id":26624,"href":"https:\/\/raahenvihreat.fi\/index.php?rest_route=\/wp\/v2\/posts\/26619\/revisions\/26624"}],"wp:attachment":[{"href":"https:\/\/raahenvihreat.fi\/index.php?rest_route=%2Fwp%2Fv2%2Fmedia&parent=26619"}],"wp:term":[{"taxonomy":"category","embeddable":true,"href":"https:\/\/raahenvihreat.fi\/index.php?rest_route=%2Fwp%2Fv2%2Fcategories&post=26619"},{"taxonomy":"post_tag","embeddable":true,"href":"https:\/\/raahenvihreat.fi\/index.php?rest_route=%2Fwp%2Fv2%2Ftags&post=26619"}],"curies":[{"name":"wp","href":"https:\/\/api.w.org\/{rel}","templated":true}]}}