{"id":26522,"date":"2019-11-11T22:07:40","date_gmt":"2019-11-11T20:07:40","guid":{"rendered":"https:\/\/www.raahenvihreat.fi\/?p=26522"},"modified":"2020-06-14T22:08:35","modified_gmt":"2020-06-14T19:08:35","slug":"ryhmapuheenvuoro-valtuustossa-11-11-2019-raahen-kaupungin-organisaatiorakenteen-kehittaminen","status":"publish","type":"post","link":"https:\/\/raahenvihreat.fi\/?p=26522","title":{"rendered":"Ryhm\u00e4puheenvuoro valtuustossa 11.11.2019 \/ Raahen kaupungin organisaatiorakenteen kehitt\u00e4minen"},"content":{"rendered":"<p>Kaupungin taloustilanne on t\u00e4ll\u00e4 hetkell\u00e4 haasteellinen. T\u00e4m\u00e4n vuoden tulosta painaa verotusj\u00e4rjestelm\u00e4n\u00a0ongelmat sek\u00e4 hyvinvointikuntayhtym\u00e4n lis\u00e4laskutus. Tulossa oleva sote siirt\u00e4\u00e4 kuitenkin hyte-palvelut pois\u00a0kuntien hartioilta ja verohallinnon ongelmat korjaantuvat.<\/p>\n<p>Vihre\u00e4t katsovat, ett\u00e4 ei ole j\u00e4rkev\u00e4\u00e4 l\u00e4hte\u00e4 tekem\u00e4\u00e4n kovin radikaaleja ja pysyvi\u00e4 ratkaisuja tilanteessa,\u00a0jossa uusi toimintaymp\u00e4rist\u00f6 on vasta kehittym\u00e4ss\u00e4 maan hallituksen taholta, mm. tulevat panostukset\u00a0opetukseen ja koulutukseen.<\/p>\n<p>Organisaatiomuutossuunnitelmassa on my\u00f6s paljon hyv\u00e4\u00e4, mutta vihre\u00e4t eiv\u00e4t voi hyv\u00e4ksy\u00e4 nyt esitetty\u00e4\u00a0kouluverkon osalta t\u00e4ss\u00e4 vaiheessa, vaan edelliseen viitaten asiassa olisi syyt\u00e4 harkita aikalis\u00e4\u00e4. Lis\u00e4ksi olisi\u00a0valmisteltava vaihtoehtoisia kouluverkkosuunnitelmia valtuustolle harkittavaksi, nyt on esill\u00e4 ollut vain<br \/>\nt\u00e4m\u00e4 \u00e4\u00e4rimm\u00e4iseen tiivist\u00e4miseen viety malli \u2013 tai nykytilanteen s\u00e4ilytt\u00e4minen siit\u00e4 koituvine\u00a0seurauksineen. Katsomme, ett\u00e4 lapselle turvallisin ja paras paikka aloittaa koulutie on l\u00e4hell\u00e4 oleva\u00a0inhimillisen kokoinen koulu.<\/p>\n<p>Toki t\u00e4ss\u00e4 on kyse suunnitelmasta, ja erilliset p\u00e4\u00e4t\u00f6kset tehd\u00e4\u00e4n aina koulukohtaisesti, mutta nyt\u00a0mahdollisesti hyv\u00e4ksytt\u00e4v\u00e4 suunnitelma on kuitenkin voimakkaasti suuntaa-antava, ja helposti se muuttuu\u00a0seuraavien p\u00e4\u00e4t\u00f6sten valmistelujen yhteydess\u00e4 poliittisessa puheessa sitovaksi.<\/p>\n<p>Vihre\u00e4 valtuustoryhm\u00e4 esitt\u00e4\u00e4 kantanaan, ett\u00e4 asiakohdat 9 ja 10 (organisaatiomalli) voidaan hyv\u00e4ksy\u00e4\u00a0lukuunottamatta sen sis\u00e4lt\u00e4m\u00e4\u00e4 esityst\u00e4 kouluverkosta.<\/p>\n","protected":false},"excerpt":{"rendered":"<p>Kaupungin taloustilanne on t\u00e4ll\u00e4 hetkell\u00e4 haasteellinen. T\u00e4m\u00e4n vuoden tulosta painaa verotusj\u00e4rjestelm\u00e4n\u00a0ongelmat sek\u00e4 hyvinvointikuntayhtym\u00e4n lis\u00e4laskutus. Tulossa oleva sote siirt\u00e4\u00e4 kuitenkin hyte-palvelut pois\u00a0kuntien hartioilta ja verohallinnon ongelmat korjaantuvat. Vihre\u00e4t katsovat, ett\u00e4 ei ole j\u00e4rkev\u00e4\u00e4 l\u00e4hte\u00e4 tekem\u00e4\u00e4n kovin radikaaleja ja pysyvi\u00e4 ratkaisuja tilanteessa,\u00a0jossa uusi toimintaymp\u00e4rist\u00f6 on vasta kehittym\u00e4ss\u00e4 maan hallituksen taholta, mm. tulevat panostukset\u00a0opetukseen ja koulutukseen. Organisaatiomuutossuunnitelmassa on [&hellip;]<\/p>\n","protected":false},"author":691,"featured_media":0,"comment_status":"open","ping_status":"open","sticky":false,"template":"","format":"standard","meta":{"_et_pb_use_builder":"","_et_pb_old_content":"","_et_gb_content_width":"","footnotes":""},"categories":[46,1],"tags":[],"class_list":["post-26522","post","type-post","status-publish","format-standard","hentry","category-puheenvuorot","category-tiedotteet"],"_links":{"self":[{"href":"https:\/\/raahenvihreat.fi\/index.php?rest_route=\/wp\/v2\/posts\/26522","targetHints":{"allow":["GET"]}}],"collection":[{"href":"https:\/\/raahenvihreat.fi\/index.php?rest_route=\/wp\/v2\/posts"}],"about":[{"href":"https:\/\/raahenvihreat.fi\/index.php?rest_route=\/wp\/v2\/types\/post"}],"author":[{"embeddable":true,"href":"https:\/\/raahenvihreat.fi\/index.php?rest_route=\/wp\/v2\/users\/691"}],"replies":[{"embeddable":true,"href":"https:\/\/raahenvihreat.fi\/index.php?rest_route=%2Fwp%2Fv2%2Fcomments&post=26522"}],"version-history":[{"count":1,"href":"https:\/\/raahenvihreat.fi\/index.php?rest_route=\/wp\/v2\/posts\/26522\/revisions"}],"predecessor-version":[{"id":26523,"href":"https:\/\/raahenvihreat.fi\/index.php?rest_route=\/wp\/v2\/posts\/26522\/revisions\/26523"}],"wp:attachment":[{"href":"https:\/\/raahenvihreat.fi\/index.php?rest_route=%2Fwp%2Fv2%2Fmedia&parent=26522"}],"wp:term":[{"taxonomy":"category","embeddable":true,"href":"https:\/\/raahenvihreat.fi\/index.php?rest_route=%2Fwp%2Fv2%2Fcategories&post=26522"},{"taxonomy":"post_tag","embeddable":true,"href":"https:\/\/raahenvihreat.fi\/index.php?rest_route=%2Fwp%2Fv2%2Ftags&post=26522"}],"curies":[{"name":"wp","href":"https:\/\/api.w.org\/{rel}","templated":true}]}}