{"id":26441,"date":"2019-12-30T22:51:07","date_gmt":"2019-12-30T20:51:07","guid":{"rendered":"https:\/\/www.raahenvihreat.fi\/?p=26441"},"modified":"2020-05-11T22:52:01","modified_gmt":"2020-05-11T19:52:01","slug":"ryhmapuheenvuoro-valtuustossa-30-12-2019-raahen-kaupungin-talousarvio","status":"publish","type":"post","link":"https:\/\/raahenvihreat.fi\/?p=26441","title":{"rendered":"Ryhm\u00e4puheenvuoro valtuustossa 30.12.2019 \/ Raahen kaupungin talousarvio"},"content":{"rendered":"<p>Vuosi 2019 on ollut haasteellinen monella tapaa. Osittain kaupungin toimista riippumattomista syist\u00e4 talousarviossa ei ole pystytty. Verotusj\u00e4rjestelm\u00e4n uudistuksen<br \/>\nongelmat ovat kurittaneet kuntataloutta saamatta j\u00e4\u00e4nein\u00e4 verotuloina. On kuitenkin syyt\u00e4 huomata, ett\u00e4 n\u00e4m\u00e4 tulot eiv\u00e4t j\u00e4\u00e4 kokonaan saamatta, vaan tilitet\u00e4\u00e4n kunnille viiv\u00e4stynein\u00e4.<\/p>\n<p>Sote-kulujen kasvu on ollut voimakasta. Kustannusten kasvupainetta on ollut jo pitemp\u00e4\u00e4n, ja t\u00e4n\u00e4 vuonna ne ovat l\u00e4hteneet purkautumaan voimakkaasti. Raahe ei ole t\u00e4ss\u00e4 yksin, vaan asia koskee koko Suomen kuntakentt\u00e4\u00e4.<\/p>\n<p>Ensi vuonnakin talousarviossa pysyminen tulee olemaan haasteellista. Olisi pyritt\u00e4v\u00e4 tilanteeseen, jossa talousarvio on realistinen, ja riitt\u00e4\u00e4 kattamaan koko vuoden<br \/>\nmenotarpeen. T\u00e4h\u00e4n ei olla kuitenkaan viime vuosina p\u00e4\u00e4sty, vaan lis\u00e4talousarvioita on jouduttu my\u00f6nt\u00e4m\u00e4\u00e4n my\u00f6s ihan jokap\u00e4iv\u00e4isten palvelujen rahoittamiseen. T\u00e4m\u00e4 on ongelmallista, koska lis\u00e4talousarvio on tarkoitettu ensisijaisesti yll\u00e4tt\u00e4vien ja ennakoimattomien kustannusten kattamiseen.<\/p>\n<p>Hyv\u00e4ksyess\u00e4\u00e4n valtuusto t\u00e4m\u00e4n talousarvioesityksen my\u00f6nt\u00e4\u00e4 my\u00f6s samalla, ett\u00e4 ihan kaikkeen totuttuun ei ole en\u00e4\u00e4 varaa kustannusten noustessa. Se tulee n\u00e4kym\u00e4\u00e4n kuntalaisten palvelutasossa vuonna 2020.<\/p>\n<p>Haluan esitt\u00e4\u00e4 eritt\u00e4in vakavan huolen talousarviosta varhaiskasvatuspalveluiden osalta. Meill\u00e4 on eritt\u00e4in laadukas ja hyvin toimiva varhaiskasvatus, joka kest\u00e4\u00e4 vertailun muihin kuntiin. My\u00f6sk\u00e4\u00e4n subjektiivisen p\u00e4iv\u00e4hoito-oikeuden rajoittamiseen Raahen kaupunki ei varsinaisesti l\u00e4htenyt mukaan, ja t\u00e4m\u00e4 on hyv\u00e4 asia, sill\u00e4 vuoden vaihteessa lakien muuttuessa t\u00e4m\u00e4 oikeus palautuu joka tapauksessa. Kuitenkin kent\u00e4lt\u00e4 on kuulunut viesti\u00e4, ett\u00e4 t\u00e4ll\u00e4 hetkell\u00e4 varhaiskasvatuspalveluiden nelj\u00e4n (4) kuukauden palvelulupaus ei toteudu, vaan hoitopaikkaa voi joutua jonottamaan huomattavastikin pitemp\u00e4\u00e4n. T\u00e4m\u00e4 on eritt\u00e4in ongelmallista varsinkin perheiss\u00e4, joissa vanhemman \/ vanhempien on tarkoitus palata ty\u00f6el\u00e4m\u00e4\u00e4n. Ty\u00f6llisyysasteen nostaminen on ensisijaisen t\u00e4rke\u00e4\u00e4, jotta selvi\u00e4mme<br \/>\nvelvoitteista jatkossakin, ja t\u00e4m\u00e4 muodostunut tilanne tulee ratkaista v\u00e4litt\u00f6m\u00e4sti.<\/p>\n<p>Konserniyhti\u00f6iden valtuustoon n\u00e4hden sitovissa tavoitteissa huomio kiinnittyy osinkovaatimuksiin. Omistajalla on oikeus asettaa t\u00e4llaisia vaatimuksia, ja ne ovat joskus ihan hyvin perusteltavissa. Raahen Energia Oy:n ja Raahen Vesi Oy:n osalta vaatimus on kuitenkin ongelmallinen, koska se lis\u00e4\u00e4 hintojen korotuspaineita. N\u00e4m\u00e4 mahdolliset korotukset nyt jo julkitulleiden s\u00e4hk\u00f6nsiirron hinnankorotusten kanssa aiheuttavat valtavan paineen tilapalvelujen talousarviolle. K\u00e4yt\u00e4nn\u00f6ss\u00e4 siis iso osa osingosta on rahan siirtoa taskusta toiseen.<\/p>\n<p>Siksi vihre\u00e4 valtuustoryhm\u00e4 esitt\u00e4\u00e4, ett\u00e4 osinkotavoite poistetaan talousarviosta Raahen Energia Oy:n, Raahen Vesi Oy:n ja Raahen Satama Oy:n osalta.<\/p>\n","protected":false},"excerpt":{"rendered":"<p>Vuosi 2019 on ollut haasteellinen monella tapaa. Osittain kaupungin toimista riippumattomista syist\u00e4 talousarviossa ei ole pystytty. Verotusj\u00e4rjestelm\u00e4n uudistuksen ongelmat ovat kurittaneet kuntataloutta saamatta j\u00e4\u00e4nein\u00e4 verotuloina. On kuitenkin syyt\u00e4 huomata, ett\u00e4 n\u00e4m\u00e4 tulot eiv\u00e4t j\u00e4\u00e4 kokonaan saamatta, vaan tilitet\u00e4\u00e4n kunnille viiv\u00e4stynein\u00e4. Sote-kulujen kasvu on ollut voimakasta. Kustannusten kasvupainetta on ollut jo pitemp\u00e4\u00e4n, ja t\u00e4n\u00e4 vuonna ne [&hellip;]<\/p>\n","protected":false},"author":691,"featured_media":0,"comment_status":"open","ping_status":"open","sticky":false,"template":"","format":"standard","meta":{"_et_pb_use_builder":"","_et_pb_old_content":"","_et_gb_content_width":"","footnotes":""},"categories":[46],"tags":[],"class_list":["post-26441","post","type-post","status-publish","format-standard","hentry","category-puheenvuorot"],"_links":{"self":[{"href":"https:\/\/raahenvihreat.fi\/index.php?rest_route=\/wp\/v2\/posts\/26441","targetHints":{"allow":["GET"]}}],"collection":[{"href":"https:\/\/raahenvihreat.fi\/index.php?rest_route=\/wp\/v2\/posts"}],"about":[{"href":"https:\/\/raahenvihreat.fi\/index.php?rest_route=\/wp\/v2\/types\/post"}],"author":[{"embeddable":true,"href":"https:\/\/raahenvihreat.fi\/index.php?rest_route=\/wp\/v2\/users\/691"}],"replies":[{"embeddable":true,"href":"https:\/\/raahenvihreat.fi\/index.php?rest_route=%2Fwp%2Fv2%2Fcomments&post=26441"}],"version-history":[{"count":1,"href":"https:\/\/raahenvihreat.fi\/index.php?rest_route=\/wp\/v2\/posts\/26441\/revisions"}],"predecessor-version":[{"id":26442,"href":"https:\/\/raahenvihreat.fi\/index.php?rest_route=\/wp\/v2\/posts\/26441\/revisions\/26442"}],"wp:attachment":[{"href":"https:\/\/raahenvihreat.fi\/index.php?rest_route=%2Fwp%2Fv2%2Fmedia&parent=26441"}],"wp:term":[{"taxonomy":"category","embeddable":true,"href":"https:\/\/raahenvihreat.fi\/index.php?rest_route=%2Fwp%2Fv2%2Fcategories&post=26441"},{"taxonomy":"post_tag","embeddable":true,"href":"https:\/\/raahenvihreat.fi\/index.php?rest_route=%2Fwp%2Fv2%2Ftags&post=26441"}],"curies":[{"name":"wp","href":"https:\/\/api.w.org\/{rel}","templated":true}]}}